{"id":103,"date":"2014-03-24T11:26:19","date_gmt":"2014-03-24T10:26:19","guid":{"rendered":"http:\/\/magnetovitalrendelo.hu\/drhamvasferenc\/?p=103"},"modified":"2014-12-15T09:39:52","modified_gmt":"2014-12-15T08:39:52","slug":"interju-dr-hamvas-ferenc-szulesz-nogyogyasz-foorvossal","status":"publish","type":"post","link":"http:\/\/magnetovitalrendelo.hu\/drhamvasferenc\/2014\/03\/24\/interju-dr-hamvas-ferenc-szulesz-nogyogyasz-foorvossal\/","title":{"rendered":"Interj\u00fa Dr. Hamvas Ferenc sz\u00fcl\u00e9sz-n\u0151gy\u00f3gy\u00e1sz f\u0151orvossal"},"content":{"rendered":"<p>&#8220;A f\u0151 c\u00e9lom mosolyt var\u00e1zsolni az emberek arc\u00e1ra.&#8221;<\/p>\n<p><strong>Mi, vagy ki \u00f6szt\u00f6n\u00f6zte \u00d6nt annak idej\u00e9n, hogy az orvosi p\u00e1ly\u00e1ra l\u00e9pjen?<\/strong><\/p>\n<p><em>A f\u0151 \u00f6szt\u00f6nz\u0151 \u00c9desap\u00e1m volt. M\u00e1r gyermekkorom \u00f3ta tudatosan nevelt az emberek megismer\u00e9s\u00e9re, bajaik \u00e9s probl\u00e9m\u00e1ik felismer\u00e9s\u00e9re, meg\u00e9rt\u00e9s\u00e9re. Eg\u00e9sz \u00e9lete sor\u00e1n p\u00e9ldamutat\u00e1ssal j\u00e1rt el\u0151ttem. Az emberekhez val\u00f3 ilyen ir\u00e1ny\u00fa viszonyul\u00e1s teremtette meg bennem a f\u00e1jdalmuk csillap\u00edt\u00e1s\u00e1nak ig\u00e9ny\u00e9t.<\/em><\/p>\n<p><em>A sz\u00fcl\u00e9szet-n\u0151gy\u00f3gy\u00e1szat ir\u00e1nti \u00e9rdekl\u0151d\u00e9sem f\u0151k\u00e9nt a n\u0151i nem tisztelet\u00e9b\u0151l ered. Tov\u00e1bb\u00e1 tiszt\u00e1ban voltam a hal\u00e1llal kapcsolatos \u00e9rz\u00e9kenys\u00e9gemmel, tudtam azt, hogy ha mindennap a hal\u00e1llal tal\u00e1lkozn\u00e9k, az megviselne, kik\u00e9sz\u00edtene. A sz\u00fcl\u00e9szet sz\u00e1momra az orvosl\u00e1s napos oldal\u00e1t jelenti. \u00d6r\u00f6met okozunk, ha egy n\u0151 teherbe esik, majd eg\u00e9szs\u00e9ges gyermeknek ad \u00e9letet, \u00f6r\u00f6met okozunk egy nem k\u00edv\u00e1nt terhess\u00e9g eset\u00e9n, ha megszabad\u00edtjuk az illet\u0151t terh\u00e9t\u0151l. A f\u0151 c\u00e9lom mosolyt var\u00e1zsolni az emberek arc\u00e1ra.<\/em><\/p>\n<p><strong>Mit tart \u00d6n eddigi szakmai \u00e9let\u00e9nek legfontosabb pontj\u00e1nak?<\/strong><\/p>\n<p><em>1986-ban f\u0151orvosi megb\u00edz\u00e1st kaptam a F\u0151v\u00e1rosi Szent L\u00e1szl\u00f3 k\u00f3rh\u00e1zban. Egyszem\u00e9lyes v\u00e1llalkoz\u00e1sk\u00e9nt az oszt\u00e1lyon egyed\u00fcl voltam sz\u00fcl\u00e9sz-n\u0151gy\u00f3gy\u00e1sz orvos. Minden probl\u00e9m\u00e1ra nekem kellett egyed\u00fcl megtal\u00e1lnom a megfelel\u0151 megold\u00e1st, melyeket rendszerint siker\u00fclt is megoldanom.<\/em><\/p>\n<p><em>Az itt szerzett \u00e9lm\u00e9nyek meghat\u00e1roz\u00f3ak voltak sz\u00e1momra.<\/em><\/p>\n<p><strong>Tapasztalatai alapj\u00e1n mi az, amit elmondana a n\u0151knek, betegeknek, amire k\u00fcl\u00f6n\u00f6sen figyeljenek?<\/strong><\/p>\n<p><em>\u00c1ltal\u00e1nos f\u0151 tan\u00e1csom, hogy figyeljenek oda a megel\u0151z\u00e9sre. V\u00e9lem\u00e9nyem szerint az embereknek k\u00f6teless\u00e9g\u00fck foglalkozniuk saj\u00e1t magukkal. Sokan egyenl\u0151nek tartj\u00e1k a t\u00fcnetmentess\u00e9get az eg\u00e9szs\u00e9ggel. Ez azonban nem helyes. A betegs\u00e9geknek 5 f\u00e1zisuk van. Itt szeretn\u00e9m felh\u00edvni mindenki figyelm\u00e9t, hogy az \u00f6tb\u0151l csak az utols\u00f3 k\u00e9t f\u00e1zisban jelennek meg a t\u00fcnetek. Az emberek \u00e9s a szakemberek egyik legf\u0151bb feladata, hogy tegyenek az\u00e9rt, hogy a betegs\u00e9g\u00fck az els\u0151 h\u00e1rom f\u00e1zisb\u00f3l visszafejleszthet\u0151 legyen. Ha azonban m\u00e1r kialakult a betegs\u00e9g, a legfontosabb, hogy a betegek akarj\u00e1k a gy\u00f3gyul\u00e1st, higgyenek benne!<\/em><\/p>\n<p><strong>Ezt hogy \u00e9rti, vannak, akik nem is akarnak meggy\u00f3gyulni? Akkor mi\u00e9rt fordulnak orvoshoz?<\/strong><\/p>\n<p><em>Nagyon sokan vannak, akik nem akarj\u00e1k a gy\u00f3gyul\u00e1st, de f\u00e9lnek a hal\u00e1lhoz vezet\u0151 \u00fatt\u00f3l, ez\u00e9rt elmennek orvosaikhoz, \u00fagymond feloldoz\u00e1st v\u00e1rva.<\/em><\/p>\n<p><strong>\u00d6n foglalkozik modern term\u00e9szetgy\u00f3gy\u00e1szat ter\u00fcleteivel is. \u00d6n szerint mennyire befoly\u00e1solja az ember tudat\u00e1llapota a gy\u00f3gyul\u00e1st?<\/strong><\/p>\n<p><em>Az embereknek mindenk\u00e9ppen r\u00e9sztvev\u0151knek kell lenni\u00fck a betegs\u00e9gek lek\u00fczd\u00e9s\u00e9ben. \u00dagy v\u00e9lem a betegs\u00e9gek d\u00f6nt\u0151 oka maga a beteg. Am\u00edg nem v\u00e1ltoztatnak \u00e9letvitel\u00fck\u00f6n, gondolkod\u00e1sm\u00f3djukon, k\u00e9nytelenek egy\u00fctt \u00e9lni a betegs\u00e9geikkel. A felismer\u00e9st, hogy nem k\u00fcls\u0151 k\u00f6r\u00fclm\u00e9nyek okozz\u00e1k a legt\u00f6bb betegs\u00e9get, nem mindenki ismeri el.<\/em><\/p>\n<p><em>Meg vagyok gy\u0151z\u0151dve r\u00f3la, hogy az emberek saj\u00e1t maguk a gy\u00f3gyul\u00e1suk kulcsa. Az orvosok f\u0151 feladata, a gy\u00f3gyul\u00e1shoz vezet\u0151 helyes \u00fat megmutat\u00e1sa. Egy orvosi diploma megszerz\u00e9se nem egyenl\u0151 a gy\u00f3gy\u00edt\u00e1s k\u00e9pess\u00e9g\u00e9vel, mert az szerintem velesz\u00fcletett tulajdons\u00e1g. Ehhez kell t\u00e1rsulnia a beteg gy\u00f3gyulni akar\u00e1s\u00e1nak. Ezen n\u00e9z\u0151pontom a keleti gy\u00f3gy\u00edt\u00e1si m\u00f3dokhoz k\u00f6thet\u0151. A nyugati orvosl\u00e1s szerint az orvos, mint Atya, \u00fcl a tr\u00f3nus\u00e1n \u00e9s messzir\u0151l mutogatja, mit kellene tenni. A keleti orvosl\u00e1s szerint az orvos szolga. \u00c9n ezen elvek alapj\u00e1n dolgozom, seg\u00edts\u00e9get ny\u00fajtok mindenkinek, aki seg\u00edts\u00e9get k\u00e9r, \u00e9s aki el is fogadja a seg\u00edts\u00e9gem.<\/em><\/p>\n<p><strong>\u00d6n 2007-ben regisztr\u00e1lt az Orvostudakoz\u00f3 honlapj\u00e1ra, mi \u00f6szt\u00f6n\u00f6zte a regisztr\u00e1ci\u00f3ra? Gondolta volna, hogy ilyen n\u00e9pszer\u0171 lesz a p\u00e1ciensek k\u00f6r\u00e9ben?<\/strong><\/p>\n<p><em>Nem volt semmilyen \u00f6szt\u00f6nz\u0151 t\u00e9nyez\u0151. Egy k\u00f6z\u00f6ss\u00e9gi oldalr\u00f3l kaptam megh\u00edv\u00f3t az Orvostudakoz\u00f3 honlapj\u00e1ra. Hetekig vacill\u00e1ltam a regisztr\u00e1ci\u00f3n, majd \u00fagy d\u00f6nt\u00f6ttem nincs semmi vesztenival\u00f3m, ha csatlakozom az oldalhoz. Mint ut\u00f3bb kider\u00fclt j\u00f3 d\u00f6nt\u00e9s volt.<\/em><\/p>\n<p><em>N\u00e9pszer\u0171s\u00e9g? Ez \u00e9rdekes felvet\u00e9s. \u00dagy gondolom, hogy ugyanannyian nem szeretnek, mint akik szeretnek. Sz\u00f3kimond\u00f3 vagyok. Ny\u00edltan \u00e9s vil\u00e1gosan megmondom a v\u00e1laszt \u00e9s, hogy mi az, amin szerintem v\u00e1ltoztatni kell. \u00c9n mindig tiszta sz\u00e1nd\u00e9kt\u00f3l vez\u00e9relve, anyagi \u00e9rdekekt\u0151l mentesen adom tan\u00e1csaim. M\u00e1sr\u00e9szt mindig el\u00e9rhet\u0151 vagyok, \u00e9s mindig pr\u00f3b\u00e1lok hamar v\u00e1laszolni a k\u00e9rd\u00e9sekre.<\/em><\/p>\n<p><strong>\u00d6n sokat dolgozik, hogyan tudja \u00edgy beosztani idej\u00e9t, hogy mindig rendelkez\u00e9sre tud \u00e1llni?<\/strong><\/p>\n<p><em>A megold\u00e1s nagyon egyszer\u0171: a telefonom \u00e9s a notebookom \u00e1lland\u00f3an n\u00e1lam van, \u00edgy ha sz\u00fcks\u00e9ges r\u00f6gt\u00f6n tudok v\u00e1laszolni. \u00c9n ezt a feladatot szolg\u00e1latnak, hivat\u00e1snak fogom fel. \u00d6r\u00f6k k\u00e9szenl\u00e9ti \u00e9rz\u00e9st jelent, egy felp\u00f6rgetett \u00e1llapotot. Nagyon szerencs\u00e9s vagyok, hogy a csal\u00e1dom ezt meg\u00e9rti, \u00e9s elfogadja.<\/em><\/p>\n<p><strong>\u00d6n szerint mennyire hasznosak az ilyen jelleg\u0171 oldalak?<\/strong><\/p>\n<p><em>Az ilyen oldalakra mindenk\u00e9ppen sz\u00fcks\u00e9ge van a magyar k\u00f6z\u00f6ns\u00e9gnek. Az oldal hi\u00e1nyp\u00f3tl\u00f3 funkci\u00f3kat t\u00f6lt be, melyek f\u0151 oka a kommunik\u00e1ci\u00f3 hi\u00e1nya illetve nem megfelel\u0151 volta. Az emberek nem tudnak megfelel\u0151 interperszon\u00e1lis kapcsolatokat kialak\u00edtani orvosaikkal id\u0151hi\u00e1ny miatt, vagy csak egyszer\u0171en nincs r\u00e1 ig\u00e9ny. Az orvosok bizonyos sz\u00e1zal\u00e9ka \u00fagy tekint a betegeire, mint munkaeszk\u00f6z\u00f6kre. Min\u00e9l el\u0151bb szeretn\u00e9nek t\u00fal lenni rajtuk. Nincs ig\u00e9ny\u00fck a betegek megismer\u00e9s\u00e9re, ez\u00e1ltal nem tud kialakulni a megfelel\u0151 orvos-beteg kapcsolat, melynek k\u00f6vetkezm\u00e9nye, hogy a p\u00e1ciensek nem mernek k\u00e9rdezni orvosaikt\u00f3l. Sok esetben, amikor k\u00e9rdezn\u00e9nek, az orvosok nem \u00e9rhet\u0151ek el. Ennek k\u00f6vetkezm\u00e9nye, hogy a p\u00e1ciensek magukra vannak hagyva k\u00e9ts\u00e9geikkel, probl\u00e9m\u00e1jukkal napokra, esetenk\u00e9nt hetekre.<\/em><br \/>\n<em> Az oldal ezen probl\u00e9m\u00e1ra k\u00edn\u00e1l n\u00e9mi \u00e1thidal\u00f3 megold\u00e1st.<\/em><\/p>\n<p><strong>Mit gondol, hogyan seg\u00edthetnek az \u00d6nh\u00f6z hasonl\u00f3 m\u00f3don beregisztr\u00e1lt, j\u00f3 felk\u00e9sz\u00fclts\u00e9gi orvosok a prevenci\u00f3ban?<\/strong><\/p>\n<p><em>A legfontosabb feladatnak a szolg\u00e1lat teljes\u00edt\u00e9s\u00e9t \u00e9s az ismeretterjeszt\u00e9st tartom.<\/em><\/p>\n<p><strong>Mi az, amit az oldal olvas\u00f3inak javasol?<\/strong><\/p>\n<p><em>K\u00e9rdezzenek min\u00e9l t\u00f6bbet! Orvost\u00e1rsaimmal egy\u00fctt sz\u00edvesen fogadjuk a k\u00e9rd\u00e9seket, \u00e9s pr\u00f3b\u00e1ljuk megtal\u00e1lni a megfelel\u0151 megold\u00e1st.<\/em><\/p>\n<p><strong>K\u00f6sz\u00f6n\u00f6m, hogy v\u00e1laszt adott k\u00e9rd\u00e9seimre!<\/strong><\/p>\n<p><strong>K\u00e9sz\u00edtette:<\/strong> Szatm\u00e1ri Eszter<\/p>\n","protected":false},"excerpt":{"rendered":"<p>&#8220;A f\u0151 c\u00e9lom mosolyt var\u00e1zsolni az emberek arc\u00e1ra.&#8221; Mi, vagy ki \u00f6szt\u00f6n\u00f6zte \u00d6nt annak idej\u00e9n, hogy az orvosi p\u00e1ly\u00e1ra l\u00e9pjen? A f\u0151 \u00f6szt\u00f6nz\u0151 \u00c9desap\u00e1m volt. M\u00e1r gyermekkorom \u00f3ta tudatosan nevelt az emberek megismer\u00e9s\u00e9re, bajaik \u00e9s probl\u00e9m\u00e1ik felismer\u00e9s\u00e9re, meg\u00e9rt\u00e9s\u00e9re. Eg\u00e9sz \u00e9lete sor\u00e1n p\u00e9ldamutat\u00e1ssal j\u00e1rt el\u0151ttem. Az emberekhez val\u00f3 ilyen ir\u00e1ny\u00fa viszonyul\u00e1s teremtette meg bennem a f\u00e1jdalmuk [&hellip;]<\/p>\n","protected":false},"author":2,"featured_media":0,"comment_status":"closed","ping_status":"closed","sticky":false,"template":"","format":"standard","meta":{"_mi_skip_tracking":false},"categories":[1],"tags":[],"_links":{"self":[{"href":"http:\/\/magnetovitalrendelo.hu\/drhamvasferenc\/wp-json\/wp\/v2\/posts\/103"}],"collection":[{"href":"http:\/\/magnetovitalrendelo.hu\/drhamvasferenc\/wp-json\/wp\/v2\/posts"}],"about":[{"href":"http:\/\/magnetovitalrendelo.hu\/drhamvasferenc\/wp-json\/wp\/v2\/types\/post"}],"author":[{"embeddable":true,"href":"http:\/\/magnetovitalrendelo.hu\/drhamvasferenc\/wp-json\/wp\/v2\/users\/2"}],"replies":[{"embeddable":true,"href":"http:\/\/magnetovitalrendelo.hu\/drhamvasferenc\/wp-json\/wp\/v2\/comments?post=103"}],"version-history":[{"count":1,"href":"http:\/\/magnetovitalrendelo.hu\/drhamvasferenc\/wp-json\/wp\/v2\/posts\/103\/revisions"}],"predecessor-version":[{"id":129,"href":"http:\/\/magnetovitalrendelo.hu\/drhamvasferenc\/wp-json\/wp\/v2\/posts\/103\/revisions\/129"}],"wp:attachment":[{"href":"http:\/\/magnetovitalrendelo.hu\/drhamvasferenc\/wp-json\/wp\/v2\/media?parent=103"}],"wp:term":[{"taxonomy":"category","embeddable":true,"href":"http:\/\/magnetovitalrendelo.hu\/drhamvasferenc\/wp-json\/wp\/v2\/categories?post=103"},{"taxonomy":"post_tag","embeddable":true,"href":"http:\/\/magnetovitalrendelo.hu\/drhamvasferenc\/wp-json\/wp\/v2\/tags?post=103"}],"curies":[{"name":"wp","href":"https:\/\/api.w.org\/{rel}","templated":true}]}}